{"id":2953,"date":"2025-10-09T16:56:54","date_gmt":"2025-10-09T14:56:54","guid":{"rendered":"https:\/\/yamaha-music-school-lille.fr\/site\/?p=2953"},"modified":"2025-11-24T14:15:49","modified_gmt":"2025-11-24T13:15:49","slug":"stages-vacances-doctobre-2025","status":"publish","type":"post","link":"http:\/\/yamaha-music-school-lille.fr\/site\/2025\/10\/09\/stages-vacances-doctobre-2025\/","title":{"rendered":"STAGES vacances d&rsquo;Octobre 2025"},"content":{"rendered":"\n<p>Transformez les vacances d&rsquo;octobre en m\u00e9lodie !<\/p>\n\n\n\n<p>Petits et grands, venez vibrer lors de nos stages th\u00e9matiques :<\/p>\n\n\n\n<ul class=\"wp-block-list\">\n<li>Chant : Laissez votre voix s&rsquo;envoler.<\/li>\n\n\n\n<li>Fl\u00fbte : D\u00e9couvrez la douceur des airs.<\/li>\n\n\n\n<li>Guitare : Ma\u00eetrisez les accords essentiels.<\/li>\n<\/ul>\n\n\n\n<p>Stages ouverts aux enfants et aux adultes, de l&rsquo;initiation au perfectionnement. R\u00e9servez votre place et votre instrument !<\/p>\n\n\n\n<h4 class=\"wp-block-heading\">STAGE DE FL\u00dbTE<\/h4>\n\n\n\n<p>Mardi 21 et Mercredi 22 octobre<\/p>\n\n\n\n<ul class=\"wp-block-list\">\n<li>Enfants : 17h30<\/li>\n\n\n\n<li>Ados Adultes : 19h00<\/li>\n<\/ul>\n\n\n\n<h4 class=\"wp-block-heading\">STAGE DE CHANT JAZZ<\/h4>\n\n\n\n<p>Mardi 21 et Vendredi 24 octobre 20h00<\/p>\n\n\n\n<h4 class=\"wp-block-heading\">STAGE DE GUITARE CLASSIQUE OU \u00c9LECTRIQUE<\/h4>\n\n\n\n<p>Jeudi 23 et vendredi 24 octobre<\/p>\n\n\n\n<ul class=\"wp-block-list\">\n<li>Enfants : 17h30<\/li>\n\n\n\n<li>Ados Adultes : 19h00<\/li>\n<\/ul>\n\n\n\n<p>\ud83d\udc49 R\u00e9servations disponibles sur le site internet de l \u00e9cole renvoyer une fiche contact www.yamaha-music-School-lille.fr<\/p>\n\n\n\n<p>TARIF : 80\u20ac 2&#215;90 mn \u00e0 partir de 2 \u00e9l\u00e8ves ou 45 mn solo<\/p>\n","protected":false},"excerpt":{"rendered":"<p>Transformez les vacances d&rsquo;octobre en m\u00e9lodie ! Petits et grands, venez vibrer lors de nos stages th\u00e9matiques : Stages ouverts aux enfants et aux adultes, de l&rsquo;initiation au perfectionnement. R\u00e9servez votre place et votre instrument ! STAGE DE FL\u00dbTE Mardi 21 et Mercredi 22 octobre STAGE DE CHANT JAZZ Mardi 21 et Vendredi 24 octobre [&hellip;]<\/p>\n","protected":false},"author":1,"featured_media":2942,"comment_status":"closed","ping_status":"open","sticky":false,"template":"","format":"standard","meta":{"_uag_custom_page_level_css":"","site-sidebar-layout":"default","site-content-layout":"","ast-site-content-layout":"default","site-content-style":"default","site-sidebar-style":"default","ast-global-header-display":"","ast-banner-title-visibility":"","ast-main-header-display":"","ast-hfb-above-header-display":"","ast-hfb-below-header-display":"","ast-hfb-mobile-header-display":"","site-post-title":"","ast-breadcrumbs-content":"","ast-featured-img":"","footer-sml-layout":"","theme-transparent-header-meta":"","adv-header-id-meta":"","stick-header-meta":"","header-above-stick-meta":"","header-main-stick-meta":"","header-below-stick-meta":"","astra-migrate-meta-layouts":"set","ast-page-background-enabled":"default","ast-page-background-meta":{"desktop":{"background-color":"","background-image":"","background-repeat":"repeat","background-position":"center center","background-size":"auto","background-attachment":"scroll","background-type":"","background-media":"","overlay-type":"","overlay-color":"","overlay-opacity":"","overlay-gradient":""},"tablet":{"background-color":"","background-image":"","background-repeat":"repeat","background-position":"center center","background-size":"auto","background-attachment":"scroll","background-type":"","background-media":"","overlay-type":"","overlay-color":"","overlay-opacity":"","overlay-gradient":""},"mobile":{"background-color":"","background-image":"","background-repeat":"repeat","background-position":"center center","background-size":"auto","background-attachment":"scroll","background-type":"","background-media":"","overlay-type":"","overlay-color":"","overlay-opacity":"","overlay-gradient":""}},"ast-content-background-meta":{"desktop":{"background-color":"var(--ast-global-color-5)","background-image":"","background-repeat":"repeat","background-position":"center center","background-size":"auto","background-attachment":"scroll","background-type":"","background-media":"","overlay-type":"","overlay-color":"","overlay-opacity":"","overlay-gradient":""},"tablet":{"background-color":"var(--ast-global-color-5)","background-image":"","background-repeat":"repeat","background-position":"center center","background-size":"auto","background-attachment":"scroll","background-type":"","background-media":"","overlay-type":"","overlay-color":"","overlay-opacity":"","overlay-gradient":""},"mobile":{"background-color":"var(--ast-global-color-5)","background-image":"","background-repeat":"repeat","background-position":"center center","background-size":"auto","background-attachment":"scroll","background-type":"","background-media":"","overlay-type":"","overlay-color":"","overlay-opacity":"","overlay-gradient":""}},"__cvm_playback_settings":[],"__cvm_video_id":"","_themeisle_gutenberg_block_has_review":false,"footnotes":""},"categories":[6],"tags":[],"class_list":["post-2953","post","type-post","status-publish","format-standard","has-post-thumbnail","hentry","category-informations"],"featured_image_urls_v2":{"full":["http:\/\/yamaha-music-school-lille.fr\/site\/wp-content\/uploads\/2025\/10\/IMG_2700.jpeg",948,1187,false],"thumbnail":["http:\/\/yamaha-music-school-lille.fr\/site\/wp-content\/uploads\/2025\/10\/IMG_2700-150x150.jpeg",150,150,true],"medium":["http:\/\/yamaha-music-school-lille.fr\/site\/wp-content\/uploads\/2025\/10\/IMG_2700-240x300.jpeg",240,300,true],"medium_large":["http:\/\/yamaha-music-school-lille.fr\/site\/wp-content\/uploads\/2025\/10\/IMG_2700-768x962.jpeg",768,962,true],"large":["http:\/\/yamaha-music-school-lille.fr\/site\/wp-content\/uploads\/2025\/10\/IMG_2700-818x1024.jpeg",818,1024,true],"1536x1536":["http:\/\/yamaha-music-school-lille.fr\/site\/wp-content\/uploads\/2025\/10\/IMG_2700.jpeg",948,1187,false],"2048x2048":["http:\/\/yamaha-music-school-lille.fr\/site\/wp-content\/uploads\/2025\/10\/IMG_2700.jpeg",948,1187,false]},"post_excerpt_stackable_v2":"<p>Transformez les vacances d&rsquo;octobre en m\u00e9lodie ! Petits et grands, venez vibrer lors de nos stages th\u00e9matiques : Chant : Laissez votre voix s&rsquo;envoler. Fl\u00fbte : D\u00e9couvrez la douceur des airs. Guitare : Ma\u00eetrisez les accords essentiels. Stages ouverts aux enfants et aux adultes, de l&rsquo;initiation au perfectionnement. R\u00e9servez votre place et votre instrument ! STAGE DE FL\u00dbTE Mardi 21 et Mercredi 22 octobre Enfants : 17h30 Ados Adultes : 19h00 STAGE DE CHANT JAZZ Mardi 21 et Vendredi 24 octobre 20h00 STAGE DE GUITARE CLASSIQUE OU \u00c9LECTRIQUE Jeudi 23 et vendredi 24 octobre Enfants : 17h30 Ados Adultes :\u2026<\/p>\n","category_list_v2":"<a href=\"http:\/\/yamaha-music-school-lille.fr\/site\/category\/informations\/\" rel=\"category tag\">Stages<\/a>","author_info_v2":{"name":"EUTERPE","url":"http:\/\/yamaha-music-school-lille.fr\/site\/author\/euterpe\/"},"comments_num_v2":"0 commentaire","uagb_featured_image_src":{"full":["http:\/\/yamaha-music-school-lille.fr\/site\/wp-content\/uploads\/2025\/10\/IMG_2700.jpeg",948,1187,false],"thumbnail":["http:\/\/yamaha-music-school-lille.fr\/site\/wp-content\/uploads\/2025\/10\/IMG_2700-150x150.jpeg",150,150,true],"medium":["http:\/\/yamaha-music-school-lille.fr\/site\/wp-content\/uploads\/2025\/10\/IMG_2700-240x300.jpeg",240,300,true],"medium_large":["http:\/\/yamaha-music-school-lille.fr\/site\/wp-content\/uploads\/2025\/10\/IMG_2700-768x962.jpeg",768,962,true],"large":["http:\/\/yamaha-music-school-lille.fr\/site\/wp-content\/uploads\/2025\/10\/IMG_2700-818x1024.jpeg",818,1024,true],"1536x1536":["http:\/\/yamaha-music-school-lille.fr\/site\/wp-content\/uploads\/2025\/10\/IMG_2700.jpeg",948,1187,false],"2048x2048":["http:\/\/yamaha-music-school-lille.fr\/site\/wp-content\/uploads\/2025\/10\/IMG_2700.jpeg",948,1187,false]},"uagb_author_info":{"display_name":"EUTERPE","author_link":"http:\/\/yamaha-music-school-lille.fr\/site\/author\/euterpe\/"},"uagb_comment_info":0,"uagb_excerpt":"Transformez les vacances d&rsquo;octobre en m\u00e9lodie ! Petits et grands, venez vibrer lors de nos stages th\u00e9matiques : Stages ouverts aux enfants et aux adultes, de l&rsquo;initiation au perfectionnement. R\u00e9servez votre place et votre instrument ! STAGE DE FL\u00dbTE Mardi 21 et Mercredi 22 octobre STAGE DE CHANT JAZZ Mardi 21 et Vendredi 24 octobre\u2026","_links":{"self":[{"href":"http:\/\/yamaha-music-school-lille.fr\/site\/wp-json\/wp\/v2\/posts\/2953"}],"collection":[{"href":"http:\/\/yamaha-music-school-lille.fr\/site\/wp-json\/wp\/v2\/posts"}],"about":[{"href":"http:\/\/yamaha-music-school-lille.fr\/site\/wp-json\/wp\/v2\/types\/post"}],"author":[{"embeddable":true,"href":"http:\/\/yamaha-music-school-lille.fr\/site\/wp-json\/wp\/v2\/users\/1"}],"replies":[{"embeddable":true,"href":"http:\/\/yamaha-music-school-lille.fr\/site\/wp-json\/wp\/v2\/comments?post=2953"}],"version-history":[{"count":4,"href":"http:\/\/yamaha-music-school-lille.fr\/site\/wp-json\/wp\/v2\/posts\/2953\/revisions"}],"predecessor-version":[{"id":2959,"href":"http:\/\/yamaha-music-school-lille.fr\/site\/wp-json\/wp\/v2\/posts\/2953\/revisions\/2959"}],"wp:featuredmedia":[{"embeddable":true,"href":"http:\/\/yamaha-music-school-lille.fr\/site\/wp-json\/wp\/v2\/media\/2942"}],"wp:attachment":[{"href":"http:\/\/yamaha-music-school-lille.fr\/site\/wp-json\/wp\/v2\/media?parent=2953"}],"wp:term":[{"taxonomy":"category","embeddable":true,"href":"http:\/\/yamaha-music-school-lille.fr\/site\/wp-json\/wp\/v2\/categories?post=2953"},{"taxonomy":"post_tag","embeddable":true,"href":"http:\/\/yamaha-music-school-lille.fr\/site\/wp-json\/wp\/v2\/tags?post=2953"}],"curies":[{"name":"wp","href":"https:\/\/api.w.org\/{rel}","templated":true}]}}