{"id":2926,"date":"2025-08-21T09:15:22","date_gmt":"2025-08-21T07:15:22","guid":{"rendered":"https:\/\/yamaha-music-school-lille.fr\/site\/?p=2926"},"modified":"2025-08-21T09:16:40","modified_gmt":"2025-08-21T07:16:40","slug":"yamaha-highlight-concert","status":"publish","type":"post","link":"http:\/\/yamaha-music-school-lille.fr\/site\/2025\/08\/21\/yamaha-highlight-concert\/","title":{"rendered":"YAMAHA HIGHLIGHT CONCERT"},"content":{"rendered":"\n<p><\/p>\n\n\n\n<p>Le 7 juin \u00e0 Vilnius \u00a0Xinyi Yang 9 ans\u00a0(\u00e9l\u00e8ve de Sandrine Lalliet ) a \u00e9t\u00e9 s\u00e9lectionn\u00e9e pour\u00a0repr\u00e9senter \u00a0la France au YEHC 2025<\/p>\n\n\n\n<figure class=\"wp-block-image aligncenter size-full\"><img loading=\"lazy\" decoding=\"async\" width=\"960\" height=\"956\" src=\"https:\/\/yamaha-music-school-lille.fr\/site\/wp-content\/uploads\/2025\/08\/IMG_0364.jpeg\" alt=\"\" class=\"wp-image-2927\" srcset=\"http:\/\/yamaha-music-school-lille.fr\/site\/wp-content\/uploads\/2025\/08\/IMG_0364.jpeg 960w, http:\/\/yamaha-music-school-lille.fr\/site\/wp-content\/uploads\/2025\/08\/IMG_0364-300x300.jpeg 300w, http:\/\/yamaha-music-school-lille.fr\/site\/wp-content\/uploads\/2025\/08\/IMG_0364-150x150.jpeg 150w, http:\/\/yamaha-music-school-lille.fr\/site\/wp-content\/uploads\/2025\/08\/IMG_0364-768x765.jpeg 768w\" sizes=\"(max-width: 960px) 100vw, 960px\" \/><\/figure>\n\n\n\n<p>Yamaha organise r\u00e9guli\u00e8rement des concerts au niveau local, national et mondial, o\u00f9 les jeunes participants des \u00e9coles de musique Yamaha peuvent montrer leurs talents. Ces concerts se distinguent de la norme par le fait qu&rsquo;ils offrent non seulement aux \u00e9l\u00e8ves la possibilit\u00e9 d&rsquo;interpr\u00e9ter ce qu&rsquo;ils ont appris, mais aussi l&rsquo;occasion unique de pr\u00e9senter leurs propres compositions.<\/p>\n\n\n\n<figure class=\"wp-block-image aligncenter size-full\"><img loading=\"lazy\" decoding=\"async\" width=\"958\" height=\"976\" src=\"https:\/\/yamaha-music-school-lille.fr\/site\/wp-content\/uploads\/2025\/08\/IMG_0363.jpeg\" alt=\"\" class=\"wp-image-2928\" srcset=\"http:\/\/yamaha-music-school-lille.fr\/site\/wp-content\/uploads\/2025\/08\/IMG_0363.jpeg 958w, http:\/\/yamaha-music-school-lille.fr\/site\/wp-content\/uploads\/2025\/08\/IMG_0363-294x300.jpeg 294w, http:\/\/yamaha-music-school-lille.fr\/site\/wp-content\/uploads\/2025\/08\/IMG_0363-768x782.jpeg 768w\" sizes=\"(max-width: 958px) 100vw, 958px\" \/><\/figure>\n\n\n\n<figure class=\"wp-block-image aligncenter size-full\"><img loading=\"lazy\" decoding=\"async\" width=\"960\" height=\"955\" src=\"https:\/\/yamaha-music-school-lille.fr\/site\/wp-content\/uploads\/2025\/08\/IMG_0365.jpeg\" alt=\"\" class=\"wp-image-2929\" srcset=\"http:\/\/yamaha-music-school-lille.fr\/site\/wp-content\/uploads\/2025\/08\/IMG_0365.jpeg 960w, http:\/\/yamaha-music-school-lille.fr\/site\/wp-content\/uploads\/2025\/08\/IMG_0365-300x298.jpeg 300w, http:\/\/yamaha-music-school-lille.fr\/site\/wp-content\/uploads\/2025\/08\/IMG_0365-150x150.jpeg 150w, http:\/\/yamaha-music-school-lille.fr\/site\/wp-content\/uploads\/2025\/08\/IMG_0365-768x764.jpeg 768w\" sizes=\"(max-width: 960px) 100vw, 960px\" \/><\/figure>\n","protected":false},"excerpt":{"rendered":"<p>Le 7 juin \u00e0 Vilnius \u00a0Xinyi Yang 9 ans\u00a0(\u00e9l\u00e8ve de Sandrine Lalliet ) a \u00e9t\u00e9 s\u00e9lectionn\u00e9e pour\u00a0repr\u00e9senter \u00a0la France au YEHC 2025 Yamaha organise r\u00e9guli\u00e8rement des concerts au niveau local, national et mondial, o\u00f9 les jeunes participants des \u00e9coles de musique Yamaha peuvent montrer leurs talents. Ces concerts se distinguent de la norme par le [&hellip;]<\/p>\n","protected":false},"author":1,"featured_media":2927,"comment_status":"closed","ping_status":"open","sticky":false,"template":"","format":"standard","meta":{"_uag_custom_page_level_css":"","site-sidebar-layout":"default","site-content-layout":"","ast-site-content-layout":"default","site-content-style":"default","site-sidebar-style":"default","ast-global-header-display":"","ast-banner-title-visibility":"","ast-main-header-display":"","ast-hfb-above-header-display":"","ast-hfb-below-header-display":"","ast-hfb-mobile-header-display":"","site-post-title":"","ast-breadcrumbs-content":"","ast-featured-img":"","footer-sml-layout":"","theme-transparent-header-meta":"","adv-header-id-meta":"","stick-header-meta":"","header-above-stick-meta":"","header-main-stick-meta":"","header-below-stick-meta":"","astra-migrate-meta-layouts":"set","ast-page-background-enabled":"default","ast-page-background-meta":{"desktop":{"background-color":"","background-image":"","background-repeat":"repeat","background-position":"center center","background-size":"auto","background-attachment":"scroll","background-type":"","background-media":"","overlay-type":"","overlay-color":"","overlay-opacity":"","overlay-gradient":""},"tablet":{"background-color":"","background-image":"","background-repeat":"repeat","background-position":"center center","background-size":"auto","background-attachment":"scroll","background-type":"","background-media":"","overlay-type":"","overlay-color":"","overlay-opacity":"","overlay-gradient":""},"mobile":{"background-color":"","background-image":"","background-repeat":"repeat","background-position":"center center","background-size":"auto","background-attachment":"scroll","background-type":"","background-media":"","overlay-type":"","overlay-color":"","overlay-opacity":"","overlay-gradient":""}},"ast-content-background-meta":{"desktop":{"background-color":"var(--ast-global-color-5)","background-image":"","background-repeat":"repeat","background-position":"center center","background-size":"auto","background-attachment":"scroll","background-type":"","background-media":"","overlay-type":"","overlay-color":"","overlay-opacity":"","overlay-gradient":""},"tablet":{"background-color":"var(--ast-global-color-5)","background-image":"","background-repeat":"repeat","background-position":"center center","background-size":"auto","background-attachment":"scroll","background-type":"","background-media":"","overlay-type":"","overlay-color":"","overlay-opacity":"","overlay-gradient":""},"mobile":{"background-color":"var(--ast-global-color-5)","background-image":"","background-repeat":"repeat","background-position":"center center","background-size":"auto","background-attachment":"scroll","background-type":"","background-media":"","overlay-type":"","overlay-color":"","overlay-opacity":"","overlay-gradient":""}},"__cvm_playback_settings":[],"__cvm_video_id":"","_themeisle_gutenberg_block_has_review":false,"footnotes":""},"categories":[5],"tags":[],"class_list":["post-2926","post","type-post","status-publish","format-standard","has-post-thumbnail","hentry","category-actualite"],"featured_image_urls_v2":{"full":["http:\/\/yamaha-music-school-lille.fr\/site\/wp-content\/uploads\/2025\/08\/IMG_0364.jpeg",960,956,false],"thumbnail":["http:\/\/yamaha-music-school-lille.fr\/site\/wp-content\/uploads\/2025\/08\/IMG_0364-150x150.jpeg",150,150,true],"medium":["http:\/\/yamaha-music-school-lille.fr\/site\/wp-content\/uploads\/2025\/08\/IMG_0364-300x300.jpeg",300,300,true],"medium_large":["http:\/\/yamaha-music-school-lille.fr\/site\/wp-content\/uploads\/2025\/08\/IMG_0364-768x765.jpeg",768,765,true],"large":["http:\/\/yamaha-music-school-lille.fr\/site\/wp-content\/uploads\/2025\/08\/IMG_0364.jpeg",960,956,false],"1536x1536":["http:\/\/yamaha-music-school-lille.fr\/site\/wp-content\/uploads\/2025\/08\/IMG_0364.jpeg",960,956,false],"2048x2048":["http:\/\/yamaha-music-school-lille.fr\/site\/wp-content\/uploads\/2025\/08\/IMG_0364.jpeg",960,956,false]},"post_excerpt_stackable_v2":"<p>Le 7 juin \u00e0 Vilnius \u00a0Xinyi Yang 9 ans\u00a0(\u00e9l\u00e8ve de Sandrine Lalliet ) a \u00e9t\u00e9 s\u00e9lectionn\u00e9e pour\u00a0repr\u00e9senter \u00a0la France au YEHC 2025 Yamaha organise r\u00e9guli\u00e8rement des concerts au niveau local, national et mondial, o\u00f9 les jeunes participants des \u00e9coles de musique Yamaha peuvent montrer leurs talents. Ces concerts se distinguent de la norme par le fait qu&rsquo;ils offrent non seulement aux \u00e9l\u00e8ves la possibilit\u00e9 d&rsquo;interpr\u00e9ter ce qu&rsquo;ils ont appris, mais aussi l&rsquo;occasion unique de pr\u00e9senter leurs propres compositions.<\/p>\n","category_list_v2":"<a href=\"http:\/\/yamaha-music-school-lille.fr\/site\/category\/actualite\/\" rel=\"category tag\">Actualit\u00e9s<\/a>","author_info_v2":{"name":"EUTERPE","url":"http:\/\/yamaha-music-school-lille.fr\/site\/author\/euterpe\/"},"comments_num_v2":"0 commentaire","uagb_featured_image_src":{"full":["http:\/\/yamaha-music-school-lille.fr\/site\/wp-content\/uploads\/2025\/08\/IMG_0364.jpeg",960,956,false],"thumbnail":["http:\/\/yamaha-music-school-lille.fr\/site\/wp-content\/uploads\/2025\/08\/IMG_0364-150x150.jpeg",150,150,true],"medium":["http:\/\/yamaha-music-school-lille.fr\/site\/wp-content\/uploads\/2025\/08\/IMG_0364-300x300.jpeg",300,300,true],"medium_large":["http:\/\/yamaha-music-school-lille.fr\/site\/wp-content\/uploads\/2025\/08\/IMG_0364-768x765.jpeg",768,765,true],"large":["http:\/\/yamaha-music-school-lille.fr\/site\/wp-content\/uploads\/2025\/08\/IMG_0364.jpeg",960,956,false],"1536x1536":["http:\/\/yamaha-music-school-lille.fr\/site\/wp-content\/uploads\/2025\/08\/IMG_0364.jpeg",960,956,false],"2048x2048":["http:\/\/yamaha-music-school-lille.fr\/site\/wp-content\/uploads\/2025\/08\/IMG_0364.jpeg",960,956,false]},"uagb_author_info":{"display_name":"EUTERPE","author_link":"http:\/\/yamaha-music-school-lille.fr\/site\/author\/euterpe\/"},"uagb_comment_info":0,"uagb_excerpt":"Le 7 juin \u00e0 Vilnius \u00a0Xinyi Yang 9 ans\u00a0(\u00e9l\u00e8ve de Sandrine Lalliet ) a \u00e9t\u00e9 s\u00e9lectionn\u00e9e pour\u00a0repr\u00e9senter \u00a0la France au YEHC 2025 Yamaha organise r\u00e9guli\u00e8rement des concerts au niveau local, national et mondial, o\u00f9 les jeunes participants des \u00e9coles de musique Yamaha peuvent montrer leurs talents. Ces concerts se distinguent de la norme par le\u2026","_links":{"self":[{"href":"http:\/\/yamaha-music-school-lille.fr\/site\/wp-json\/wp\/v2\/posts\/2926"}],"collection":[{"href":"http:\/\/yamaha-music-school-lille.fr\/site\/wp-json\/wp\/v2\/posts"}],"about":[{"href":"http:\/\/yamaha-music-school-lille.fr\/site\/wp-json\/wp\/v2\/types\/post"}],"author":[{"embeddable":true,"href":"http:\/\/yamaha-music-school-lille.fr\/site\/wp-json\/wp\/v2\/users\/1"}],"replies":[{"embeddable":true,"href":"http:\/\/yamaha-music-school-lille.fr\/site\/wp-json\/wp\/v2\/comments?post=2926"}],"version-history":[{"count":1,"href":"http:\/\/yamaha-music-school-lille.fr\/site\/wp-json\/wp\/v2\/posts\/2926\/revisions"}],"predecessor-version":[{"id":2930,"href":"http:\/\/yamaha-music-school-lille.fr\/site\/wp-json\/wp\/v2\/posts\/2926\/revisions\/2930"}],"wp:featuredmedia":[{"embeddable":true,"href":"http:\/\/yamaha-music-school-lille.fr\/site\/wp-json\/wp\/v2\/media\/2927"}],"wp:attachment":[{"href":"http:\/\/yamaha-music-school-lille.fr\/site\/wp-json\/wp\/v2\/media?parent=2926"}],"wp:term":[{"taxonomy":"category","embeddable":true,"href":"http:\/\/yamaha-music-school-lille.fr\/site\/wp-json\/wp\/v2\/categories?post=2926"},{"taxonomy":"post_tag","embeddable":true,"href":"http:\/\/yamaha-music-school-lille.fr\/site\/wp-json\/wp\/v2\/tags?post=2926"}],"curies":[{"name":"wp","href":"https:\/\/api.w.org\/{rel}","templated":true}]}}