{"id":2907,"date":"2025-02-11T08:50:36","date_gmt":"2025-02-11T07:50:36","guid":{"rendered":"https:\/\/yamaha-music-school-lille.fr\/site\/?p=2907"},"modified":"2025-02-11T08:50:38","modified_gmt":"2025-02-11T07:50:38","slug":"concert-de-fin-dannee","status":"publish","type":"post","link":"http:\/\/yamaha-music-school-lille.fr\/site\/2025\/02\/11\/concert-de-fin-dannee\/","title":{"rendered":"Concert de fin d\u2019ann\u00e9e"},"content":{"rendered":"\n<p><\/p>\n\n\n\n<p>Les \u00e9l\u00e8ves pr\u00e9senteront le travail de l ann\u00e9e 2024-25<\/p>\n\n\n\n<p>Vous y entendrez des morceaux de styles vari\u00e9s : piano, guitare, chant, fl\u00fbte, batterie, , solos, duos et Band session.&nbsp;<\/p>\n\n\n\n<p>R\u00e9servation pr\u00e9alable &nbsp;en t\u00e9l\u00e9phonant&nbsp;au&nbsp;06-83-11-72-40<\/p>\n\n\n\n<p>Tarif 18\u20ac<\/p>\n\n\n\n<figure class=\"wp-block-image aligncenter size-large\"><img loading=\"lazy\" decoding=\"async\" width=\"1024\" height=\"1024\" src=\"http:\/\/yamaha-music-school-lille.fr\/site\/wp-content\/uploads\/2025\/02\/Concert-Lille-2025_Teens_1x1_v2-1024x1024.jpeg\" alt=\"\" class=\"wp-image-2909\" srcset=\"http:\/\/yamaha-music-school-lille.fr\/site\/wp-content\/uploads\/2025\/02\/Concert-Lille-2025_Teens_1x1_v2-1024x1024.jpeg 1024w, http:\/\/yamaha-music-school-lille.fr\/site\/wp-content\/uploads\/2025\/02\/Concert-Lille-2025_Teens_1x1_v2-300x300.jpeg 300w, http:\/\/yamaha-music-school-lille.fr\/site\/wp-content\/uploads\/2025\/02\/Concert-Lille-2025_Teens_1x1_v2-150x150.jpeg 150w, http:\/\/yamaha-music-school-lille.fr\/site\/wp-content\/uploads\/2025\/02\/Concert-Lille-2025_Teens_1x1_v2-768x768.jpeg 768w, http:\/\/yamaha-music-school-lille.fr\/site\/wp-content\/uploads\/2025\/02\/Concert-Lille-2025_Teens_1x1_v2.jpeg 1080w\" sizes=\"(max-width: 1024px) 100vw, 1024px\" \/><\/figure>\n","protected":false},"excerpt":{"rendered":"<p>Les \u00e9l\u00e8ves pr\u00e9senteront le travail de l ann\u00e9e 2024-25 Vous y entendrez des morceaux de styles vari\u00e9s : piano, guitare, chant, fl\u00fbte, batterie, , solos, duos et Band session.&nbsp; R\u00e9servation pr\u00e9alable &nbsp;en t\u00e9l\u00e9phonant&nbsp;au&nbsp;06-83-11-72-40 Tarif 18\u20ac<\/p>\n","protected":false},"author":1,"featured_media":2908,"comment_status":"closed","ping_status":"open","sticky":false,"template":"","format":"standard","meta":{"_uag_custom_page_level_css":"","site-sidebar-layout":"default","site-content-layout":"","ast-site-content-layout":"default","site-content-style":"default","site-sidebar-style":"default","ast-global-header-display":"","ast-banner-title-visibility":"","ast-main-header-display":"","ast-hfb-above-header-display":"","ast-hfb-below-header-display":"","ast-hfb-mobile-header-display":"","site-post-title":"","ast-breadcrumbs-content":"","ast-featured-img":"","footer-sml-layout":"","theme-transparent-header-meta":"","adv-header-id-meta":"","stick-header-meta":"","header-above-stick-meta":"","header-main-stick-meta":"","header-below-stick-meta":"","astra-migrate-meta-layouts":"set","ast-page-background-enabled":"default","ast-page-background-meta":{"desktop":{"background-color":"","background-image":"","background-repeat":"repeat","background-position":"center center","background-size":"auto","background-attachment":"scroll","background-type":"","background-media":"","overlay-type":"","overlay-color":"","overlay-opacity":"","overlay-gradient":""},"tablet":{"background-color":"","background-image":"","background-repeat":"repeat","background-position":"center center","background-size":"auto","background-attachment":"scroll","background-type":"","background-media":"","overlay-type":"","overlay-color":"","overlay-opacity":"","overlay-gradient":""},"mobile":{"background-color":"","background-image":"","background-repeat":"repeat","background-position":"center center","background-size":"auto","background-attachment":"scroll","background-type":"","background-media":"","overlay-type":"","overlay-color":"","overlay-opacity":"","overlay-gradient":""}},"ast-content-background-meta":{"desktop":{"background-color":"var(--ast-global-color-5)","background-image":"","background-repeat":"repeat","background-position":"center center","background-size":"auto","background-attachment":"scroll","background-type":"","background-media":"","overlay-type":"","overlay-color":"","overlay-opacity":"","overlay-gradient":""},"tablet":{"background-color":"var(--ast-global-color-5)","background-image":"","background-repeat":"repeat","background-position":"center center","background-size":"auto","background-attachment":"scroll","background-type":"","background-media":"","overlay-type":"","overlay-color":"","overlay-opacity":"","overlay-gradient":""},"mobile":{"background-color":"var(--ast-global-color-5)","background-image":"","background-repeat":"repeat","background-position":"center center","background-size":"auto","background-attachment":"scroll","background-type":"","background-media":"","overlay-type":"","overlay-color":"","overlay-opacity":"","overlay-gradient":""}},"__cvm_playback_settings":[],"__cvm_video_id":"","_themeisle_gutenberg_block_has_review":false,"footnotes":""},"categories":[5],"tags":[],"class_list":["post-2907","post","type-post","status-publish","format-standard","has-post-thumbnail","hentry","category-actualite"],"featured_image_urls_v2":{"full":["http:\/\/yamaha-music-school-lille.fr\/site\/wp-content\/uploads\/2025\/02\/IMG_6287.jpeg",1080,1080,false],"thumbnail":["http:\/\/yamaha-music-school-lille.fr\/site\/wp-content\/uploads\/2025\/02\/IMG_6287-150x150.jpeg",150,150,true],"medium":["http:\/\/yamaha-music-school-lille.fr\/site\/wp-content\/uploads\/2025\/02\/IMG_6287-300x300.jpeg",300,300,true],"medium_large":["http:\/\/yamaha-music-school-lille.fr\/site\/wp-content\/uploads\/2025\/02\/IMG_6287-768x768.jpeg",768,768,true],"large":["http:\/\/yamaha-music-school-lille.fr\/site\/wp-content\/uploads\/2025\/02\/IMG_6287-1024x1024.jpeg",1024,1024,true],"1536x1536":["http:\/\/yamaha-music-school-lille.fr\/site\/wp-content\/uploads\/2025\/02\/IMG_6287.jpeg",1080,1080,false],"2048x2048":["http:\/\/yamaha-music-school-lille.fr\/site\/wp-content\/uploads\/2025\/02\/IMG_6287.jpeg",1080,1080,false]},"post_excerpt_stackable_v2":"<p>Les \u00e9l\u00e8ves pr\u00e9senteront le travail de l ann\u00e9e 2024-25 Vous y entendrez des morceaux de styles vari\u00e9s : piano, guitare, chant, fl\u00fbte, batterie, , solos, duos et Band session.&nbsp; R\u00e9servation pr\u00e9alable &nbsp;en t\u00e9l\u00e9phonant&nbsp;au&nbsp;06-83-11-72-40 Tarif 18\u20ac<\/p>\n","category_list_v2":"<a href=\"http:\/\/yamaha-music-school-lille.fr\/site\/category\/actualite\/\" rel=\"category tag\">Actualit\u00e9s<\/a>","author_info_v2":{"name":"EUTERPE","url":"http:\/\/yamaha-music-school-lille.fr\/site\/author\/euterpe\/"},"comments_num_v2":"0 commentaire","uagb_featured_image_src":{"full":["http:\/\/yamaha-music-school-lille.fr\/site\/wp-content\/uploads\/2025\/02\/IMG_6287.jpeg",1080,1080,false],"thumbnail":["http:\/\/yamaha-music-school-lille.fr\/site\/wp-content\/uploads\/2025\/02\/IMG_6287-150x150.jpeg",150,150,true],"medium":["http:\/\/yamaha-music-school-lille.fr\/site\/wp-content\/uploads\/2025\/02\/IMG_6287-300x300.jpeg",300,300,true],"medium_large":["http:\/\/yamaha-music-school-lille.fr\/site\/wp-content\/uploads\/2025\/02\/IMG_6287-768x768.jpeg",768,768,true],"large":["http:\/\/yamaha-music-school-lille.fr\/site\/wp-content\/uploads\/2025\/02\/IMG_6287-1024x1024.jpeg",1024,1024,true],"1536x1536":["http:\/\/yamaha-music-school-lille.fr\/site\/wp-content\/uploads\/2025\/02\/IMG_6287.jpeg",1080,1080,false],"2048x2048":["http:\/\/yamaha-music-school-lille.fr\/site\/wp-content\/uploads\/2025\/02\/IMG_6287.jpeg",1080,1080,false]},"uagb_author_info":{"display_name":"EUTERPE","author_link":"http:\/\/yamaha-music-school-lille.fr\/site\/author\/euterpe\/"},"uagb_comment_info":0,"uagb_excerpt":"Les \u00e9l\u00e8ves pr\u00e9senteront le travail de l ann\u00e9e 2024-25 Vous y entendrez des morceaux de styles vari\u00e9s : piano, guitare, chant, fl\u00fbte, batterie, , solos, duos et Band session.&nbsp; R\u00e9servation pr\u00e9alable &nbsp;en t\u00e9l\u00e9phonant&nbsp;au&nbsp;06-83-11-72-40 Tarif 18\u20ac","_links":{"self":[{"href":"http:\/\/yamaha-music-school-lille.fr\/site\/wp-json\/wp\/v2\/posts\/2907"}],"collection":[{"href":"http:\/\/yamaha-music-school-lille.fr\/site\/wp-json\/wp\/v2\/posts"}],"about":[{"href":"http:\/\/yamaha-music-school-lille.fr\/site\/wp-json\/wp\/v2\/types\/post"}],"author":[{"embeddable":true,"href":"http:\/\/yamaha-music-school-lille.fr\/site\/wp-json\/wp\/v2\/users\/1"}],"replies":[{"embeddable":true,"href":"http:\/\/yamaha-music-school-lille.fr\/site\/wp-json\/wp\/v2\/comments?post=2907"}],"version-history":[{"count":1,"href":"http:\/\/yamaha-music-school-lille.fr\/site\/wp-json\/wp\/v2\/posts\/2907\/revisions"}],"predecessor-version":[{"id":2910,"href":"http:\/\/yamaha-music-school-lille.fr\/site\/wp-json\/wp\/v2\/posts\/2907\/revisions\/2910"}],"wp:featuredmedia":[{"embeddable":true,"href":"http:\/\/yamaha-music-school-lille.fr\/site\/wp-json\/wp\/v2\/media\/2908"}],"wp:attachment":[{"href":"http:\/\/yamaha-music-school-lille.fr\/site\/wp-json\/wp\/v2\/media?parent=2907"}],"wp:term":[{"taxonomy":"category","embeddable":true,"href":"http:\/\/yamaha-music-school-lille.fr\/site\/wp-json\/wp\/v2\/categories?post=2907"},{"taxonomy":"post_tag","embeddable":true,"href":"http:\/\/yamaha-music-school-lille.fr\/site\/wp-json\/wp\/v2\/tags?post=2907"}],"curies":[{"name":"wp","href":"https:\/\/api.w.org\/{rel}","templated":true}]}}