{"id":2860,"date":"2024-02-20T14:07:18","date_gmt":"2024-02-20T13:07:18","guid":{"rendered":"https:\/\/yamaha-music-school-lille.fr\/site\/?p=2860"},"modified":"2024-02-20T14:07:49","modified_gmt":"2024-02-20T13:07:49","slug":"concert-annee-2023-2024","status":"publish","type":"post","link":"http:\/\/yamaha-music-school-lille.fr\/site\/2024\/02\/20\/concert-annee-2023-2024\/","title":{"rendered":"Concert ann\u00e9e 2023-2024"},"content":{"rendered":"\n<div class=\"wp-block-image\"><figure class=\"aligncenter size-large\"><img loading=\"lazy\" decoding=\"async\" width=\"743\" height=\"1024\" src=\"https:\/\/yamaha-music-school-lille.fr\/site\/wp-content\/uploads\/2024\/02\/67B2F0AE-E4F8-4F5F-B1C0-6416C94C8698-743x1024.jpg\" alt=\"\" class=\"wp-image-2862\" srcset=\"http:\/\/yamaha-music-school-lille.fr\/site\/wp-content\/uploads\/2024\/02\/67B2F0AE-E4F8-4F5F-B1C0-6416C94C8698-743x1024.jpg 743w, http:\/\/yamaha-music-school-lille.fr\/site\/wp-content\/uploads\/2024\/02\/67B2F0AE-E4F8-4F5F-B1C0-6416C94C8698-218x300.jpg 218w, http:\/\/yamaha-music-school-lille.fr\/site\/wp-content\/uploads\/2024\/02\/67B2F0AE-E4F8-4F5F-B1C0-6416C94C8698-768x1059.jpg 768w, http:\/\/yamaha-music-school-lille.fr\/site\/wp-content\/uploads\/2024\/02\/67B2F0AE-E4F8-4F5F-B1C0-6416C94C8698.jpg 942w\" sizes=\"(max-width: 743px) 100vw, 743px\" \/><\/figure><\/div>\n\n\n\n<p>Concert de fin d&rsquo;ann\u00e9e.<\/p>\n\n\n\n<p>Les \u00e9l\u00e8ves pr\u00e9senteront le travail de l ann\u00e9e 2023-24.<\/p>\n\n\n\n<p>Vous y entendrez des morceaux de styles vari\u00e9s : piano, guitare, chant, Band session et compositions.<\/p>\n\n\n\n<p>R\u00e9servation pr\u00e9alable \u00a0en t\u00e9l\u00e9phonant au 06-83-11-72-40<\/p>\n\n\n\n<p>Tarif 17\u20ac\u00a0<\/p>\n\n\n\n<div class=\"wp-block-image\"><figure class=\"aligncenter size-large\"><img loading=\"lazy\" decoding=\"async\" width=\"755\" height=\"1024\" src=\"https:\/\/yamaha-music-school-lille.fr\/site\/wp-content\/uploads\/2024\/02\/2FAAF551-5103-48B2-ABB2-CFF7CDAE386F-755x1024.jpg\" alt=\"\" class=\"wp-image-2861\" srcset=\"http:\/\/yamaha-music-school-lille.fr\/site\/wp-content\/uploads\/2024\/02\/2FAAF551-5103-48B2-ABB2-CFF7CDAE386F-755x1024.jpg 755w, http:\/\/yamaha-music-school-lille.fr\/site\/wp-content\/uploads\/2024\/02\/2FAAF551-5103-48B2-ABB2-CFF7CDAE386F-221x300.jpg 221w, http:\/\/yamaha-music-school-lille.fr\/site\/wp-content\/uploads\/2024\/02\/2FAAF551-5103-48B2-ABB2-CFF7CDAE386F-768x1042.jpg 768w, http:\/\/yamaha-music-school-lille.fr\/site\/wp-content\/uploads\/2024\/02\/2FAAF551-5103-48B2-ABB2-CFF7CDAE386F.jpg 941w\" sizes=\"(max-width: 755px) 100vw, 755px\" \/><\/figure><\/div>\n","protected":false},"excerpt":{"rendered":"<p>Concert de fin d&rsquo;ann\u00e9e. Les \u00e9l\u00e8ves pr\u00e9senteront le travail de l ann\u00e9e 2023-24. Vous y entendrez des morceaux de styles vari\u00e9s : piano, guitare, chant, Band session et compositions. R\u00e9servation pr\u00e9alable \u00a0en t\u00e9l\u00e9phonant au 06-83-11-72-40 Tarif 17\u20ac\u00a0<\/p>\n","protected":false},"author":1,"featured_media":2861,"comment_status":"closed","ping_status":"open","sticky":false,"template":"","format":"standard","meta":{"_uag_custom_page_level_css":"","site-sidebar-layout":"default","site-content-layout":"","ast-site-content-layout":"default","site-content-style":"default","site-sidebar-style":"default","ast-global-header-display":"","ast-banner-title-visibility":"","ast-main-header-display":"","ast-hfb-above-header-display":"","ast-hfb-below-header-display":"","ast-hfb-mobile-header-display":"","site-post-title":"","ast-breadcrumbs-content":"","ast-featured-img":"","footer-sml-layout":"","theme-transparent-header-meta":"","adv-header-id-meta":"","stick-header-meta":"","header-above-stick-meta":"","header-main-stick-meta":"","header-below-stick-meta":"","astra-migrate-meta-layouts":"default","ast-page-background-enabled":"default","ast-page-background-meta":{"desktop":{"background-color":"","background-image":"","background-repeat":"repeat","background-position":"center center","background-size":"auto","background-attachment":"scroll","background-type":"","background-media":"","overlay-type":"","overlay-color":"","overlay-opacity":"","overlay-gradient":""},"tablet":{"background-color":"","background-image":"","background-repeat":"repeat","background-position":"center center","background-size":"auto","background-attachment":"scroll","background-type":"","background-media":"","overlay-type":"","overlay-color":"","overlay-opacity":"","overlay-gradient":""},"mobile":{"background-color":"","background-image":"","background-repeat":"repeat","background-position":"center center","background-size":"auto","background-attachment":"scroll","background-type":"","background-media":"","overlay-type":"","overlay-color":"","overlay-opacity":"","overlay-gradient":""}},"ast-content-background-meta":{"desktop":{"background-color":"var(--ast-global-color-5)","background-image":"","background-repeat":"repeat","background-position":"center center","background-size":"auto","background-attachment":"scroll","background-type":"","background-media":"","overlay-type":"","overlay-color":"","overlay-opacity":"","overlay-gradient":""},"tablet":{"background-color":"var(--ast-global-color-5)","background-image":"","background-repeat":"repeat","background-position":"center center","background-size":"auto","background-attachment":"scroll","background-type":"","background-media":"","overlay-type":"","overlay-color":"","overlay-opacity":"","overlay-gradient":""},"mobile":{"background-color":"var(--ast-global-color-5)","background-image":"","background-repeat":"repeat","background-position":"center center","background-size":"auto","background-attachment":"scroll","background-type":"","background-media":"","overlay-type":"","overlay-color":"","overlay-opacity":"","overlay-gradient":""}},"__cvm_playback_settings":[],"__cvm_video_id":"","_themeisle_gutenberg_block_has_review":false,"footnotes":""},"categories":[5],"tags":[],"class_list":["post-2860","post","type-post","status-publish","format-standard","has-post-thumbnail","hentry","category-actualite"],"featured_image_urls_v2":{"full":["http:\/\/yamaha-music-school-lille.fr\/site\/wp-content\/uploads\/2024\/02\/2FAAF551-5103-48B2-ABB2-CFF7CDAE386F.jpg",941,1277,false],"thumbnail":["http:\/\/yamaha-music-school-lille.fr\/site\/wp-content\/uploads\/2024\/02\/2FAAF551-5103-48B2-ABB2-CFF7CDAE386F-150x150.jpg",150,150,true],"medium":["http:\/\/yamaha-music-school-lille.fr\/site\/wp-content\/uploads\/2024\/02\/2FAAF551-5103-48B2-ABB2-CFF7CDAE386F-221x300.jpg",221,300,true],"medium_large":["http:\/\/yamaha-music-school-lille.fr\/site\/wp-content\/uploads\/2024\/02\/2FAAF551-5103-48B2-ABB2-CFF7CDAE386F-768x1042.jpg",768,1042,true],"large":["http:\/\/yamaha-music-school-lille.fr\/site\/wp-content\/uploads\/2024\/02\/2FAAF551-5103-48B2-ABB2-CFF7CDAE386F-755x1024.jpg",755,1024,true],"1536x1536":["http:\/\/yamaha-music-school-lille.fr\/site\/wp-content\/uploads\/2024\/02\/2FAAF551-5103-48B2-ABB2-CFF7CDAE386F.jpg",941,1277,false],"2048x2048":["http:\/\/yamaha-music-school-lille.fr\/site\/wp-content\/uploads\/2024\/02\/2FAAF551-5103-48B2-ABB2-CFF7CDAE386F.jpg",941,1277,false]},"post_excerpt_stackable_v2":"<p>Concert de fin d&rsquo;ann\u00e9e. Les \u00e9l\u00e8ves pr\u00e9senteront le travail de l ann\u00e9e 2023-24. Vous y entendrez des morceaux de styles vari\u00e9s : piano, guitare, chant, Band session et compositions. R\u00e9servation pr\u00e9alable \u00a0en t\u00e9l\u00e9phonant au 06-83-11-72-40 Tarif 17\u20ac\u00a0<\/p>\n","category_list_v2":"<a href=\"http:\/\/yamaha-music-school-lille.fr\/site\/category\/actualite\/\" rel=\"category tag\">Actualit\u00e9s<\/a>","author_info_v2":{"name":"EUTERPE","url":"http:\/\/yamaha-music-school-lille.fr\/site\/author\/euterpe\/"},"comments_num_v2":"0 commentaire","uagb_featured_image_src":{"full":["http:\/\/yamaha-music-school-lille.fr\/site\/wp-content\/uploads\/2024\/02\/2FAAF551-5103-48B2-ABB2-CFF7CDAE386F.jpg",941,1277,false],"thumbnail":["http:\/\/yamaha-music-school-lille.fr\/site\/wp-content\/uploads\/2024\/02\/2FAAF551-5103-48B2-ABB2-CFF7CDAE386F-150x150.jpg",150,150,true],"medium":["http:\/\/yamaha-music-school-lille.fr\/site\/wp-content\/uploads\/2024\/02\/2FAAF551-5103-48B2-ABB2-CFF7CDAE386F-221x300.jpg",221,300,true],"medium_large":["http:\/\/yamaha-music-school-lille.fr\/site\/wp-content\/uploads\/2024\/02\/2FAAF551-5103-48B2-ABB2-CFF7CDAE386F-768x1042.jpg",768,1042,true],"large":["http:\/\/yamaha-music-school-lille.fr\/site\/wp-content\/uploads\/2024\/02\/2FAAF551-5103-48B2-ABB2-CFF7CDAE386F-755x1024.jpg",755,1024,true],"1536x1536":["http:\/\/yamaha-music-school-lille.fr\/site\/wp-content\/uploads\/2024\/02\/2FAAF551-5103-48B2-ABB2-CFF7CDAE386F.jpg",941,1277,false],"2048x2048":["http:\/\/yamaha-music-school-lille.fr\/site\/wp-content\/uploads\/2024\/02\/2FAAF551-5103-48B2-ABB2-CFF7CDAE386F.jpg",941,1277,false]},"uagb_author_info":{"display_name":"EUTERPE","author_link":"http:\/\/yamaha-music-school-lille.fr\/site\/author\/euterpe\/"},"uagb_comment_info":0,"uagb_excerpt":"Concert de fin d&rsquo;ann\u00e9e. Les \u00e9l\u00e8ves pr\u00e9senteront le travail de l ann\u00e9e 2023-24. Vous y entendrez des morceaux de styles vari\u00e9s : piano, guitare, chant, Band session et compositions. R\u00e9servation pr\u00e9alable \u00a0en t\u00e9l\u00e9phonant au 06-83-11-72-40 Tarif 17\u20ac\u00a0","_links":{"self":[{"href":"http:\/\/yamaha-music-school-lille.fr\/site\/wp-json\/wp\/v2\/posts\/2860"}],"collection":[{"href":"http:\/\/yamaha-music-school-lille.fr\/site\/wp-json\/wp\/v2\/posts"}],"about":[{"href":"http:\/\/yamaha-music-school-lille.fr\/site\/wp-json\/wp\/v2\/types\/post"}],"author":[{"embeddable":true,"href":"http:\/\/yamaha-music-school-lille.fr\/site\/wp-json\/wp\/v2\/users\/1"}],"replies":[{"embeddable":true,"href":"http:\/\/yamaha-music-school-lille.fr\/site\/wp-json\/wp\/v2\/comments?post=2860"}],"version-history":[{"count":1,"href":"http:\/\/yamaha-music-school-lille.fr\/site\/wp-json\/wp\/v2\/posts\/2860\/revisions"}],"predecessor-version":[{"id":2863,"href":"http:\/\/yamaha-music-school-lille.fr\/site\/wp-json\/wp\/v2\/posts\/2860\/revisions\/2863"}],"wp:featuredmedia":[{"embeddable":true,"href":"http:\/\/yamaha-music-school-lille.fr\/site\/wp-json\/wp\/v2\/media\/2861"}],"wp:attachment":[{"href":"http:\/\/yamaha-music-school-lille.fr\/site\/wp-json\/wp\/v2\/media?parent=2860"}],"wp:term":[{"taxonomy":"category","embeddable":true,"href":"http:\/\/yamaha-music-school-lille.fr\/site\/wp-json\/wp\/v2\/categories?post=2860"},{"taxonomy":"post_tag","embeddable":true,"href":"http:\/\/yamaha-music-school-lille.fr\/site\/wp-json\/wp\/v2\/tags?post=2860"}],"curies":[{"name":"wp","href":"https:\/\/api.w.org\/{rel}","templated":true}]}}